{"id":3787,"date":"2020-12-07T12:17:00","date_gmt":"2020-12-07T11:17:00","guid":{"rendered":"https:\/\/guthardegg.at\/?p=3787"},"modified":"2020-12-10T12:42:21","modified_gmt":"2020-12-10T11:42:21","slug":"von-wintertrauben-und-bienenruhe","status":"publish","type":"post","link":"https:\/\/guthardegg.at\/en\/von-wintertrauben-und-bienenruhe\/","title":{"rendered":"Von Wintertrauben und Bienenruhe"},"content":{"rendered":"<p class=\"has-text-color has-very-dark-gray-color\"><em>Foto:<\/em> Bienenst\u00f6cke im Winter \/ \u00a9 privat<\/p><p class=\"has-text-color has-very-dark-gray-color\"><strong>Nein, in diesem Beitrag geht es nicht um spezielle Weintrauben, sondern um einen winterlichen Ausflug in die Welt der Bienen: Wie \u00fcberwintern unsere Honigbienen eigentlich und was hat es mit der ber\u00fchmten &#8222;Wintertraube&#8220; auf sich?<\/strong><\/p><p class=\"has-text-color has-very-dark-gray-color\"><strong>Bereits vor etwa 100 Mio. Jahren waren die Honigbienen entstanden.<\/strong> Die ersten Arten wie&nbsp;<em>Apis dorsata<\/em>&nbsp;und&nbsp;<em>Apis florea<\/em>, die heute noch in tropischen Teilen Asiens leben, bauten ihr Brutnest, das aus einer einzigen Wabe bestand, im Freien. Erst wesentlich sp\u00e4ter, vor etwa 5 Mio. Jahren, entwickelten sich Arten weiter, die mehrere parallel angelegte Waben in gesch\u00fctzten Orten wie Baumh\u00f6hlen oder Felsnischen anlegten. Dadurch wurde es den Bienenv\u00f6lkern m\u00f6glich, kalte Winter zu \u00fcberleben und sich in den nunmehr gem\u00e4\u00dfigten Zonen Europas auszubreiten. Dies waren die Vorl\u00e4ufer von&nbsp;<em>Apis mellifera<\/em>, der Westlichen Honigbiene. <\/p><p class=\"has-text-color has-very-dark-gray-color\"><strong>W\u00e4hrend der Hebung der Alpen, <\/strong>die vor etwa 30 Mio. Jahren begann, bildete sich aus der damaligen subtropischen Flora nach und nach eine Vegetation der gem\u00e4\u00dfigten Zone, die auch f\u00fcr die heute bei uns heimischen Honigbiene zum Habitat wurde.\u00a0Geologisch gesehen setzen sich die Alpen bis ins Weinviertel nahe der tschechischen Grenze fort (die n\u00f6rdlichste Erhebung ist Falkenstein) \u2013 geografisch z\u00e4hlen diese Gebiete aber zum Karpatenvorland.<\/p><p class=\"has-text-color has-very-dark-gray-color\"><strong>In unserer mitteleurop\u00e4ischen Klimazone<\/strong> besiedeln Honigbienen dabei von Natur aus bevorzugt Baumh\u00f6hlen, die von einem Pilz ausgeformt wurden. Die Bienen sind dabei sehr w\u00e4hlerisch \u2013 sowohl in Bezug auf das Raumvolumen, als auch auf Ausrichtung und Form der Einflug\u00f6ffnung. Bevorzugt werden \u201eBienenwohnungen\u201c mit einem Hohlraum von etwa 40 Litern. Der Grund daf\u00fcr scheint die optimale W\u00e4rmeregulation in der brutfreien Winterzeit zu sein.&nbsp;Die heute von Imkern gebr\u00e4uchlichen Bienenst\u00f6cke stellen eine Nachbildung&nbsp;dieser nat\u00fcrlichen Wohnsituation dar. <\/p><p class=\"has-text-color has-very-dark-gray-color\"><strong>Bereits Ende August<\/strong> beginnt f\u00fcr viele Bienen langsam das Einwintern, da sie je nach Standort und Klima immer weniger Nahrung finden. In dieser Zeit verkleinert sich das Bienenvolk, die letzten Sommerbienen sterben und machen Platz f\u00fcr die Winterbienen. W\u00e4hrend die Sommerbienen nur etwa 4\u20135 Wochen zu leben haben, und somit \u00fcber ein Jahr mehrere Generationen herangezogen werden m\u00fcssen, sind die Winterbienen langlebiger und k\u00f6nnen 6\u20138 Monate \u00fcberleben.<\/p><figure class=\"wp-block-image size-large\"><img fetchpriority=\"high\" decoding=\"async\" width=\"800\" height=\"500\" src=\"https:\/\/guthardegg.at\/wp-content\/uploads\/honigbienen_wintertraube.jpg\" alt=\"honigbienen_wintertraube\" class=\"wp-image-3790\" srcset=\"https:\/\/guthardegg.at\/wp-content\/uploads\/honigbienen_wintertraube.jpg 800w, https:\/\/guthardegg.at\/wp-content\/uploads\/honigbienen_wintertraube-600x375.jpg 600w, https:\/\/guthardegg.at\/wp-content\/uploads\/honigbienen_wintertraube-768x480.jpg 768w, https:\/\/guthardegg.at\/wp-content\/uploads\/honigbienen_wintertraube-64x40.jpg 64w\" sizes=\"(max-width: 800px) 100vw, 800px\" \/><figcaption>Blick auf eine typische &#8222;Wintertraube&#8220; \/ \u00a9 shutterstock<\/figcaption><\/figure><p class=\"has-text-color has-very-dark-gray-color\"><strong>In den kalten Wintermonate bilden die Bienen einen Cluster<\/strong>, eine je nach Au\u00dfentemperatur mehr oder weniger kompakte Bienentraube (auch <strong>Wintertraube<\/strong> genannt), die im Inneren&nbsp;eine konstante Temperatur von 25 Grad Celsius h\u00e4lt und die K\u00f6nigin sch\u00fctzt. Die einzelnen Bienen bewegen sich dabei langsam kreisf\u00f6rmig von au\u00dfen nach innen und&nbsp;wieder zur\u00fcck. Durch die Bewegung der Flugmuskulatur erzeugen sie W\u00e4rme.&nbsp;Als Nahrung dient ihnen der im Sommer gesammelte Honigvorrat von etwa 20 kg&nbsp;pro Bienenvolk. Im Fr\u00fchling ziehen sie dann die erste Brut der Sommerbienen auf, bevor ihr Lebenszyklus endet. <\/p><p class=\"has-text-color has-very-dark-gray-color\"><strong>Leben Bienen, so wie bei uns auf GUT HARDEGG, in Landschaften mit gro\u00dfer Artenvielfalt<\/strong> und reichlicher Versorgung mit Nektar und Pollen, kann der Imker einen Teil des Honigs entnehmen. Sp\u00e4tbl\u00fchende Feldkulturen wie Buchweizen oder Neophyten wie die Goldrute sind dabei besonders wertvoll f\u00fcr die Versorgung der Bienenv\u00f6lker mit hochwertigem Nektar f\u00fcr die Wintermonate. Neben zahlreichen Wildbienen leben auf GUT HARDEGG derzeit mehr als 400 Honigbienenv\u00f6lker.<br><br><\/p><div class=\"wp-block-image\"><figure class=\"alignleft size-large\"><a href=\"https:\/\/guthardegg.at\/en\/shop\/honig-oel\/cremehonig\/\" target=\"_blank\" rel=\"noopener noreferrer\"><img decoding=\"async\" width=\"200\" height=\"320\" src=\"https:\/\/guthardegg.at\/wp-content\/uploads\/Honig_Graf_Hardegg_2020.jpg\" alt=\"BIO Bl\u00fctenhonig_Graf_Hardegg\" class=\"wp-image-3824\" srcset=\"https:\/\/guthardegg.at\/wp-content\/uploads\/Honig_Graf_Hardegg_2020.jpg 200w, https:\/\/guthardegg.at\/wp-content\/uploads\/Honig_Graf_Hardegg_2020-64x102.jpg 64w\" sizes=\"(max-width: 200px) 100vw, 200px\" \/><\/a><\/figure><\/div><p class=\"has-text-color has-very-dark-gray-color\"><strong><span style=\"text-decoration: underline;\">UNSERE GENUSSEMPFEHLUNG<\/span>: <\/strong><br><a href=\"https:\/\/guthardegg.at\/en\/shop\/honig-oel\/cremehonig\/\" target=\"_blank\" rel=\"noreferrer noopener\">Graf Hardegg BIO Bl\u00fcten-Cr\u00e8mehonig, handger\u00fcht<\/a><br>&#8230;&#8230;&#8230;&#8230;&#8230;&#8230;&#8230;&#8230;&#8230;&#8230;&#8230;&#8230;&#8230;&#8230;&#8230;&#8230;&#8230;&#8230;&#8230;&#8230;&#8230;&#8230;&#8230;<br><br><em>Au\u00dferdem neu in allen SPAR-M\u00e4rkten \u00f6sterreichweit:<\/em> <strong>Gut Hardegg Cremiger Bl\u00fctenhonig aus dem Weinviertel<\/strong><\/p><figure class=\"wp-block-gallery columns-2 is-cropped wp-block-gallery-1 is-layout-flex wp-block-gallery-is-layout-flex\"><ul class=\"blocks-gallery-grid\"><li class=\"blocks-gallery-item\"><figure><img decoding=\"async\" width=\"700\" height=\"1036\" src=\"https:\/\/guthardegg.at\/wp-content\/uploads\/Gut_Hardegg_Mehl_und_Honig.jpg\" alt=\"\" data-id=\"3793\" data-full-url=\"https:\/\/guthardegg.at\/wp-content\/uploads\/Gut_Hardegg_Mehl_und_Honig.jpg\" data-link=\"https:\/\/guthardegg.at\/?attachment_id=3793\" class=\"wp-image-3793\" srcset=\"https:\/\/guthardegg.at\/wp-content\/uploads\/Gut_Hardegg_Mehl_und_Honig.jpg 700w, https:\/\/guthardegg.at\/wp-content\/uploads\/Gut_Hardegg_Mehl_und_Honig-405x600.jpg 405w, https:\/\/guthardegg.at\/wp-content\/uploads\/Gut_Hardegg_Mehl_und_Honig-600x888.jpg 600w, https:\/\/guthardegg.at\/wp-content\/uploads\/Gut_Hardegg_Mehl_und_Honig-64x95.jpg 64w\" sizes=\"(max-width: 700px) 100vw, 700px\" \/><\/figure><\/li><li class=\"blocks-gallery-item\"><figure><img loading=\"lazy\" decoding=\"async\" width=\"800\" height=\"800\" src=\"https:\/\/guthardegg.at\/wp-content\/uploads\/gut_hardegg_spar_bluetenhonig.jpg\" alt=\"\" data-id=\"3797\" data-full-url=\"https:\/\/guthardegg.at\/wp-content\/uploads\/gut_hardegg_spar_bluetenhonig.jpg\" data-link=\"https:\/\/guthardegg.at\/gut_hardegg_spar_bluetenhonig\/\" class=\"wp-image-3797\" srcset=\"https:\/\/guthardegg.at\/wp-content\/uploads\/gut_hardegg_spar_bluetenhonig.jpg 800w, https:\/\/guthardegg.at\/wp-content\/uploads\/gut_hardegg_spar_bluetenhonig-600x600.jpg 600w, https:\/\/guthardegg.at\/wp-content\/uploads\/gut_hardegg_spar_bluetenhonig-360x360.jpg 360w, https:\/\/guthardegg.at\/wp-content\/uploads\/gut_hardegg_spar_bluetenhonig-768x768.jpg 768w, https:\/\/guthardegg.at\/wp-content\/uploads\/gut_hardegg_spar_bluetenhonig-100x100.jpg 100w, https:\/\/guthardegg.at\/wp-content\/uploads\/gut_hardegg_spar_bluetenhonig-64x64.jpg 64w\" sizes=\"(max-width: 800px) 100vw, 800px\" \/><\/figure><\/li><\/ul><\/figure><p>&#8230;&#8230;&#8230;&#8230;&#8230;&#8230;&#8230;&#8230;&#8230;&#8230;&#8230;&#8230;&#8230;&#8230;&#8230;&#8230;&#8230;&#8230;&#8230;&#8230;&#8230;&#8230;&#8230;&#8230;&#8230;&#8230;&#8230;&#8230;&#8230;&#8230;&#8230;&#8230;&#8230;&#8230;&#8230;&#8230;&#8230;&#8230;&#8230;&#8230;&#8230;..<\/p><p><em>Dieser Beitrag wurde in Zusammenarbeit mit dem steirischen Wanderimker Johannes Gruber erstellt. Wir bedanken uns f\u00fcr seinen wertvollen Input.<\/em><\/p><p>UNSERE BUCHEMPFEHLUNG<br><a href=\"https:\/\/www.loewenzahn.at\/produkt\/2611\/die-reise-des-wanderimkers\/\" target=\"_blank\" rel=\"noreferrer noopener\">&#8222;Die Reise des Wanderimkers&#8220;<\/a> von Johannes Gruber, Nina Wessely und Wolfgang Hummer. Thema des Buches sind die Honiglandschaften der Ostalpen, die wichtigsten Trachtpflanzen und die sensorischen Eigenschaften der einzelnen Sortenhonige. Daneben wird viel Wissenswertes f\u00fcr Honigliebhaber aber auch f\u00fcr Imker geboten.<\/p>","protected":false},"excerpt":{"rendered":"<p>Foto: Bienenst\u00f6cke im Winter \/ \u00a9 privat Nein, in diesem Beitrag geht es nicht um spezielle Weintrauben, sondern um einen winterlichen Ausflug in die Welt der Bienen: Wie \u00fcberwintern unsere Honigbienen eigentlich und was hat es mit der ber\u00fchmten &#8222;Wintertraube&#8220; auf sich? Bereits vor etwa 100 Mio. Jahren waren die Honigbienen entstanden. Die ersten Arten [&#8230;]<\/p>","protected":false},"author":3,"featured_media":3789,"comment_status":"open","ping_status":"open","sticky":false,"template":"","format":"standard","meta":{"_acf_changed":false,"footnotes":""},"categories":[1],"tags":[],"class_list":["post-3787","post","type-post","status-publish","format-standard","has-post-thumbnail","hentry","category-uncategorized"],"acf":[],"yoast_head":"<!-- This site is optimized with the Yoast SEO plugin v24.8.1 - https:\/\/yoast.com\/wordpress\/plugins\/seo\/ -->\n<title>Von Wintertrauben und Bienenruhe - Gut Hardegg<\/title>\n<meta name=\"description\" content=\"Nein, in diesem Betrag geht es nicht um spezielle Weintrauben, sondern um einen winterlichen Ausflug in die Welt der Bienen: Wie \u00fcberwintern unsere Honigbienen eigentlich und was hat es mit der ber\u00fchmten &quot;Wintertraube&quot; auf sich?\" \/>\n<meta name=\"robots\" content=\"index, follow, max-snippet:-1, max-image-preview:large, max-video-preview:-1\" \/>\n<link rel=\"canonical\" href=\"https:\/\/guthardegg.at\/en\/von-wintertrauben-und-bienenruhe\/\" \/>\n<meta property=\"og:locale\" content=\"en_US\" \/>\n<meta property=\"og:type\" content=\"article\" \/>\n<meta property=\"og:title\" content=\"Von Wintertrauben und Bienenruhe\" \/>\n<meta property=\"og:description\" content=\"Nein, in diesem Betrag geht es nicht um spezielle Weintrauben, sondern um einen winterlichen Ausflug in die Welt der Bienen: Wie \u00fcberwintern unsere Honigbienen eigentlich und was hat es mit der ber\u00fchmten &quot;Wintertraube&quot; auf sich?\" \/>\n<meta property=\"og:url\" content=\"https:\/\/guthardegg.at\/en\/von-wintertrauben-und-bienenruhe\/\" \/>\n<meta property=\"og:site_name\" content=\"Gut Hardegg\" \/>\n<meta property=\"article:published_time\" content=\"2020-12-07T11:17:00+00:00\" \/>\n<meta property=\"article:modified_time\" content=\"2020-12-10T11:42:21+00:00\" \/>\n<meta property=\"og:image\" content=\"https:\/\/guthardegg.at\/wp-content\/uploads\/bienenstoecke_im_winter.jpg\" \/>\n\t<meta property=\"og:image:width\" content=\"958\" \/>\n\t<meta property=\"og:image:height\" content=\"717\" \/>\n\t<meta property=\"og:image:type\" content=\"image\/jpeg\" \/>\n<meta name=\"author\" content=\"Alexander Stock\" \/>\n<meta name=\"twitter:card\" content=\"summary_large_image\" \/>\n<meta name=\"twitter:label1\" content=\"Written by\" \/>\n\t<meta name=\"twitter:data1\" content=\"Alexander Stock\" \/>\n\t<meta name=\"twitter:label2\" content=\"Est. reading time\" \/>\n\t<meta name=\"twitter:data2\" content=\"3 minutes\" \/>\n<script type=\"application\/ld+json\" class=\"yoast-schema-graph\">{\"@context\":\"https:\/\/schema.org\",\"@graph\":[{\"@type\":\"Article\",\"@id\":\"https:\/\/guthardegg.at\/von-wintertrauben-und-bienenruhe\/#article\",\"isPartOf\":{\"@id\":\"https:\/\/guthardegg.at\/von-wintertrauben-und-bienenruhe\/\"},\"author\":{\"name\":\"Alexander Stock\",\"@id\":\"https:\/\/guthardegg.at\/#\/schema\/person\/38fb9827e09b3639a5b487b1b78ff028\"},\"headline\":\"Von Wintertrauben und Bienenruhe\",\"datePublished\":\"2020-12-07T11:17:00+00:00\",\"dateModified\":\"2020-12-10T11:42:21+00:00\",\"mainEntityOfPage\":{\"@id\":\"https:\/\/guthardegg.at\/von-wintertrauben-und-bienenruhe\/\"},\"wordCount\":638,\"commentCount\":0,\"publisher\":{\"@id\":\"https:\/\/guthardegg.at\/#organization\"},\"image\":{\"@id\":\"https:\/\/guthardegg.at\/von-wintertrauben-und-bienenruhe\/#primaryimage\"},\"thumbnailUrl\":\"https:\/\/guthardegg.at\/wp-content\/uploads\/bienenstoecke_im_winter.jpg\",\"inLanguage\":\"en-US\",\"potentialAction\":[{\"@type\":\"CommentAction\",\"name\":\"Comment\",\"target\":[\"https:\/\/guthardegg.at\/von-wintertrauben-und-bienenruhe\/#respond\"]}]},{\"@type\":\"WebPage\",\"@id\":\"https:\/\/guthardegg.at\/von-wintertrauben-und-bienenruhe\/\",\"url\":\"https:\/\/guthardegg.at\/von-wintertrauben-und-bienenruhe\/\",\"name\":\"Von Wintertrauben und Bienenruhe - Gut Hardegg\",\"isPartOf\":{\"@id\":\"https:\/\/guthardegg.at\/#website\"},\"primaryImageOfPage\":{\"@id\":\"https:\/\/guthardegg.at\/von-wintertrauben-und-bienenruhe\/#primaryimage\"},\"image\":{\"@id\":\"https:\/\/guthardegg.at\/von-wintertrauben-und-bienenruhe\/#primaryimage\"},\"thumbnailUrl\":\"https:\/\/guthardegg.at\/wp-content\/uploads\/bienenstoecke_im_winter.jpg\",\"datePublished\":\"2020-12-07T11:17:00+00:00\",\"dateModified\":\"2020-12-10T11:42:21+00:00\",\"description\":\"Nein, in diesem Betrag geht es nicht um spezielle Weintrauben, sondern um einen winterlichen Ausflug in die Welt der Bienen: Wie \u00fcberwintern unsere Honigbienen eigentlich und was hat es mit der ber\u00fchmten \\\"Wintertraube\\\" auf sich?\",\"breadcrumb\":{\"@id\":\"https:\/\/guthardegg.at\/von-wintertrauben-und-bienenruhe\/#breadcrumb\"},\"inLanguage\":\"en-US\",\"potentialAction\":[{\"@type\":\"ReadAction\",\"target\":[\"https:\/\/guthardegg.at\/von-wintertrauben-und-bienenruhe\/\"]}]},{\"@type\":\"ImageObject\",\"inLanguage\":\"en-US\",\"@id\":\"https:\/\/guthardegg.at\/von-wintertrauben-und-bienenruhe\/#primaryimage\",\"url\":\"https:\/\/guthardegg.at\/wp-content\/uploads\/bienenstoecke_im_winter.jpg\",\"contentUrl\":\"https:\/\/guthardegg.at\/wp-content\/uploads\/bienenstoecke_im_winter.jpg\",\"width\":958,\"height\":717,\"caption\":\"bienenstoecke_im_winter\"},{\"@type\":\"BreadcrumbList\",\"@id\":\"https:\/\/guthardegg.at\/von-wintertrauben-und-bienenruhe\/#breadcrumb\",\"itemListElement\":[{\"@type\":\"ListItem\",\"position\":1,\"name\":\"gut hardegg\",\"item\":\"https:\/\/guthardegg.at\/\"},{\"@type\":\"ListItem\",\"position\":2,\"name\":\"Von Wintertrauben und Bienenruhe\"}]},{\"@type\":\"WebSite\",\"@id\":\"https:\/\/guthardegg.at\/#website\",\"url\":\"https:\/\/guthardegg.at\/\",\"name\":\"Gut Hardegg\",\"description\":\"Gelebte Artenvielfalt\",\"publisher\":{\"@id\":\"https:\/\/guthardegg.at\/#organization\"},\"potentialAction\":[{\"@type\":\"SearchAction\",\"target\":{\"@type\":\"EntryPoint\",\"urlTemplate\":\"https:\/\/guthardegg.at\/?s={search_term_string}\"},\"query-input\":{\"@type\":\"PropertyValueSpecification\",\"valueRequired\":true,\"valueName\":\"search_term_string\"}}],\"inLanguage\":\"en-US\"},{\"@type\":\"Organization\",\"@id\":\"https:\/\/guthardegg.at\/#organization\",\"name\":\"Gut Hardegg\",\"url\":\"https:\/\/guthardegg.at\/\",\"logo\":{\"@type\":\"ImageObject\",\"inLanguage\":\"en-US\",\"@id\":\"https:\/\/guthardegg.at\/#\/schema\/logo\/image\/\",\"url\":\"https:\/\/guthardegg.at\/wp-content\/uploads\/2020\/05\/Gut-Hardegg-logo.png\",\"contentUrl\":\"https:\/\/guthardegg.at\/wp-content\/uploads\/2020\/05\/Gut-Hardegg-logo.png\",\"width\":945,\"height\":560,\"caption\":\"Gut Hardegg\"},\"image\":{\"@id\":\"https:\/\/guthardegg.at\/#\/schema\/logo\/image\/\"}},{\"@type\":\"Person\",\"@id\":\"https:\/\/guthardegg.at\/#\/schema\/person\/38fb9827e09b3639a5b487b1b78ff028\",\"name\":\"Alexander Stock\",\"image\":{\"@type\":\"ImageObject\",\"inLanguage\":\"en-US\",\"@id\":\"https:\/\/guthardegg.at\/#\/schema\/person\/image\/\",\"url\":\"https:\/\/secure.gravatar.com\/avatar\/8bc572f5d375e99ff3dea7d3c4afdf94?s=96&d=mm&r=g\",\"contentUrl\":\"https:\/\/secure.gravatar.com\/avatar\/8bc572f5d375e99ff3dea7d3c4afdf94?s=96&d=mm&r=g\",\"caption\":\"Alexander Stock\"},\"url\":\"https:\/\/guthardegg.at\/en\/author\/alex\/\"}]}<\/script>\n<!-- \/ Yoast SEO plugin. -->","yoast_head_json":{"title":"Von Wintertrauben und Bienenruhe - Gut Hardegg","description":"Nein, in diesem Betrag geht es nicht um spezielle Weintrauben, sondern um einen winterlichen Ausflug in die Welt der Bienen: Wie \u00fcberwintern unsere Honigbienen eigentlich und was hat es mit der ber\u00fchmten \"Wintertraube\" auf sich?","robots":{"index":"index","follow":"follow","max-snippet":"max-snippet:-1","max-image-preview":"max-image-preview:large","max-video-preview":"max-video-preview:-1"},"canonical":"https:\/\/guthardegg.at\/en\/von-wintertrauben-und-bienenruhe\/","og_locale":"en_US","og_type":"article","og_title":"Von Wintertrauben und Bienenruhe","og_description":"Nein, in diesem Betrag geht es nicht um spezielle Weintrauben, sondern um einen winterlichen Ausflug in die Welt der Bienen: Wie \u00fcberwintern unsere Honigbienen eigentlich und was hat es mit der ber\u00fchmten \"Wintertraube\" auf sich?","og_url":"https:\/\/guthardegg.at\/en\/von-wintertrauben-und-bienenruhe\/","og_site_name":"Gut Hardegg","article_published_time":"2020-12-07T11:17:00+00:00","article_modified_time":"2020-12-10T11:42:21+00:00","og_image":[{"width":958,"height":717,"url":"https:\/\/guthardegg.at\/wp-content\/uploads\/bienenstoecke_im_winter.jpg","type":"image\/jpeg"}],"author":"Alexander Stock","twitter_card":"summary_large_image","twitter_misc":{"Written by":"Alexander Stock","Est. reading time":"3 minutes"},"schema":{"@context":"https:\/\/schema.org","@graph":[{"@type":"Article","@id":"https:\/\/guthardegg.at\/von-wintertrauben-und-bienenruhe\/#article","isPartOf":{"@id":"https:\/\/guthardegg.at\/von-wintertrauben-und-bienenruhe\/"},"author":{"name":"Alexander Stock","@id":"https:\/\/guthardegg.at\/#\/schema\/person\/38fb9827e09b3639a5b487b1b78ff028"},"headline":"Von Wintertrauben und Bienenruhe","datePublished":"2020-12-07T11:17:00+00:00","dateModified":"2020-12-10T11:42:21+00:00","mainEntityOfPage":{"@id":"https:\/\/guthardegg.at\/von-wintertrauben-und-bienenruhe\/"},"wordCount":638,"commentCount":0,"publisher":{"@id":"https:\/\/guthardegg.at\/#organization"},"image":{"@id":"https:\/\/guthardegg.at\/von-wintertrauben-und-bienenruhe\/#primaryimage"},"thumbnailUrl":"https:\/\/guthardegg.at\/wp-content\/uploads\/bienenstoecke_im_winter.jpg","inLanguage":"en-US","potentialAction":[{"@type":"CommentAction","name":"Comment","target":["https:\/\/guthardegg.at\/von-wintertrauben-und-bienenruhe\/#respond"]}]},{"@type":"WebPage","@id":"https:\/\/guthardegg.at\/von-wintertrauben-und-bienenruhe\/","url":"https:\/\/guthardegg.at\/von-wintertrauben-und-bienenruhe\/","name":"Von Wintertrauben und Bienenruhe - Gut Hardegg","isPartOf":{"@id":"https:\/\/guthardegg.at\/#website"},"primaryImageOfPage":{"@id":"https:\/\/guthardegg.at\/von-wintertrauben-und-bienenruhe\/#primaryimage"},"image":{"@id":"https:\/\/guthardegg.at\/von-wintertrauben-und-bienenruhe\/#primaryimage"},"thumbnailUrl":"https:\/\/guthardegg.at\/wp-content\/uploads\/bienenstoecke_im_winter.jpg","datePublished":"2020-12-07T11:17:00+00:00","dateModified":"2020-12-10T11:42:21+00:00","description":"Nein, in diesem Betrag geht es nicht um spezielle Weintrauben, sondern um einen winterlichen Ausflug in die Welt der Bienen: Wie \u00fcberwintern unsere Honigbienen eigentlich und was hat es mit der ber\u00fchmten \"Wintertraube\" auf sich?","breadcrumb":{"@id":"https:\/\/guthardegg.at\/von-wintertrauben-und-bienenruhe\/#breadcrumb"},"inLanguage":"en-US","potentialAction":[{"@type":"ReadAction","target":["https:\/\/guthardegg.at\/von-wintertrauben-und-bienenruhe\/"]}]},{"@type":"ImageObject","inLanguage":"en-US","@id":"https:\/\/guthardegg.at\/von-wintertrauben-und-bienenruhe\/#primaryimage","url":"https:\/\/guthardegg.at\/wp-content\/uploads\/bienenstoecke_im_winter.jpg","contentUrl":"https:\/\/guthardegg.at\/wp-content\/uploads\/bienenstoecke_im_winter.jpg","width":958,"height":717,"caption":"bienenstoecke_im_winter"},{"@type":"BreadcrumbList","@id":"https:\/\/guthardegg.at\/von-wintertrauben-und-bienenruhe\/#breadcrumb","itemListElement":[{"@type":"ListItem","position":1,"name":"gut hardegg","item":"https:\/\/guthardegg.at\/"},{"@type":"ListItem","position":2,"name":"Von Wintertrauben und Bienenruhe"}]},{"@type":"WebSite","@id":"https:\/\/guthardegg.at\/#website","url":"https:\/\/guthardegg.at\/","name":"Gut Hardegg","description":"Gelebte Artenvielfalt","publisher":{"@id":"https:\/\/guthardegg.at\/#organization"},"potentialAction":[{"@type":"SearchAction","target":{"@type":"EntryPoint","urlTemplate":"https:\/\/guthardegg.at\/?s={search_term_string}"},"query-input":{"@type":"PropertyValueSpecification","valueRequired":true,"valueName":"search_term_string"}}],"inLanguage":"en-US"},{"@type":"Organization","@id":"https:\/\/guthardegg.at\/#organization","name":"Gut Hardegg","url":"https:\/\/guthardegg.at\/","logo":{"@type":"ImageObject","inLanguage":"en-US","@id":"https:\/\/guthardegg.at\/#\/schema\/logo\/image\/","url":"https:\/\/guthardegg.at\/wp-content\/uploads\/2020\/05\/Gut-Hardegg-logo.png","contentUrl":"https:\/\/guthardegg.at\/wp-content\/uploads\/2020\/05\/Gut-Hardegg-logo.png","width":945,"height":560,"caption":"Gut Hardegg"},"image":{"@id":"https:\/\/guthardegg.at\/#\/schema\/logo\/image\/"}},{"@type":"Person","@id":"https:\/\/guthardegg.at\/#\/schema\/person\/38fb9827e09b3639a5b487b1b78ff028","name":"Alexander Stock","image":{"@type":"ImageObject","inLanguage":"en-US","@id":"https:\/\/guthardegg.at\/#\/schema\/person\/image\/","url":"https:\/\/secure.gravatar.com\/avatar\/8bc572f5d375e99ff3dea7d3c4afdf94?s=96&d=mm&r=g","contentUrl":"https:\/\/secure.gravatar.com\/avatar\/8bc572f5d375e99ff3dea7d3c4afdf94?s=96&d=mm&r=g","caption":"Alexander Stock"},"url":"https:\/\/guthardegg.at\/en\/author\/alex\/"}]}},"_links":{"self":[{"href":"https:\/\/guthardegg.at\/en\/wp-json\/wp\/v2\/posts\/3787","targetHints":{"allow":["GET"]}}],"collection":[{"href":"https:\/\/guthardegg.at\/en\/wp-json\/wp\/v2\/posts"}],"about":[{"href":"https:\/\/guthardegg.at\/en\/wp-json\/wp\/v2\/types\/post"}],"author":[{"embeddable":true,"href":"https:\/\/guthardegg.at\/en\/wp-json\/wp\/v2\/users\/3"}],"replies":[{"embeddable":true,"href":"https:\/\/guthardegg.at\/en\/wp-json\/wp\/v2\/comments?post=3787"}],"version-history":[{"count":30,"href":"https:\/\/guthardegg.at\/en\/wp-json\/wp\/v2\/posts\/3787\/revisions"}],"predecessor-version":[{"id":3851,"href":"https:\/\/guthardegg.at\/en\/wp-json\/wp\/v2\/posts\/3787\/revisions\/3851"}],"wp:featuredmedia":[{"embeddable":true,"href":"https:\/\/guthardegg.at\/en\/wp-json\/wp\/v2\/media\/3789"}],"wp:attachment":[{"href":"https:\/\/guthardegg.at\/en\/wp-json\/wp\/v2\/media?parent=3787"}],"wp:term":[{"taxonomy":"category","embeddable":true,"href":"https:\/\/guthardegg.at\/en\/wp-json\/wp\/v2\/categories?post=3787"},{"taxonomy":"post_tag","embeddable":true,"href":"https:\/\/guthardegg.at\/en\/wp-json\/wp\/v2\/tags?post=3787"}],"curies":[{"name":"wp","href":"https:\/\/api.w.org\/{rel}","templated":true}]}}