{"id":5766,"date":"2022-11-24T10:21:00","date_gmt":"2022-11-24T09:21:00","guid":{"rendered":"https:\/\/guthardegg.at\/?p=5766"},"modified":"2022-11-25T11:05:52","modified_gmt":"2022-11-25T10:05:52","slug":"mutter-natur-maximilian-hardegg-im-interview-auf-radio-noe","status":"publish","type":"post","link":"https:\/\/guthardegg.at\/en\/mutter-natur-maximilian-hardegg-im-interview-auf-radio-noe\/","title":{"rendered":"Mutter Natur. Maximilian Hardegg im Interview auf Radio NOE."},"content":{"rendered":"<p><\/p><p><strong>Maximilian Hardegg, Landwirt und Agrarwissenschafter folgt der Einladung von Radio N\u00d6 im Rahmen der Schwerpunktserie \u201eMutter Natur\u201c, ein ausf\u00fchrliches Interview zu geben.<\/strong><\/p><div class=\"wp-block-image\"><figure class=\"aligncenter size-full\"><a href=\"https:\/\/guthardegg.at\/wp-content\/uploads\/radio_NOE_zugastnach11_maximilian_hardegg_vom_221118_c_ORF.mp3\" target=\"_blank\" rel=\"noopener\"><img fetchpriority=\"high\" decoding=\"async\" width=\"1200\" height=\"417\" src=\"https:\/\/guthardegg.at\/wp-content\/uploads\/ORF-NOE-PLAYER-TEASER-NL.jpg\" alt=\"\" class=\"wp-image-5776\" srcset=\"https:\/\/guthardegg.at\/wp-content\/uploads\/ORF-NOE-PLAYER-TEASER-NL.jpg 1200w, https:\/\/guthardegg.at\/wp-content\/uploads\/ORF-NOE-PLAYER-TEASER-NL-600x209.jpg 600w, https:\/\/guthardegg.at\/wp-content\/uploads\/ORF-NOE-PLAYER-TEASER-NL-768x267.jpg 768w, https:\/\/guthardegg.at\/wp-content\/uploads\/ORF-NOE-PLAYER-TEASER-NL-18x6.jpg 18w, https:\/\/guthardegg.at\/wp-content\/uploads\/ORF-NOE-PLAYER-TEASER-NL-64x22.jpg 64w\" sizes=\"(max-width: 1200px) 100vw, 1200px\" \/><\/a><figcaption>\u00a9 Radio N\u00d6 \u201ezu Gast nach 11 &#8211; Maximilian Hardegg&#8220;, Sendetermin: 18.11.2022<\/figcaption><\/figure><\/div><p>\u201eIch bin der Einladung von Radio N\u00d6 nat\u00fcrlich gerne gefolgt. Denn die M\u00f6glichkeit, unser Denken und die vielen bereits verwirklichten Projekte \u00f6ffentlich teilen zu k\u00f6nnen, ist mir ein gro\u00dfes Anliegen. Und die Themen Biodiversit\u00e4t, Artenschutz und Landwirtschaft kommen endlich auch in der Politik und den Medien an. Das Um und Auf bleibt derzeit aber immer noch die Eigeninitiative der Landwirte,\u201c so Maximilian Hardegg.<\/p><figure class=\"wp-block-gallery columns-3 is-cropped wp-block-gallery-1 is-layout-flex wp-block-gallery-is-layout-flex\"><ul class=\"blocks-gallery-grid\"><li class=\"blocks-gallery-item\"><figure><a href=\"https:\/\/guthardegg.at\/wp-content\/uploads\/bienenflug_raps_750.jpg\"><img decoding=\"async\" width=\"750\" height=\"750\" src=\"https:\/\/guthardegg.at\/wp-content\/uploads\/bienenflug_raps_750.jpg\" alt=\"\" data-id=\"2765\" data-full-url=\"https:\/\/guthardegg.at\/wp-content\/uploads\/bienenflug_raps_750.jpg\" data-link=\"https:\/\/guthardegg.at\/bienenflug_raps_750\/\" class=\"wp-image-2765\" srcset=\"https:\/\/guthardegg.at\/wp-content\/uploads\/bienenflug_raps_750.jpg 750w, https:\/\/guthardegg.at\/wp-content\/uploads\/bienenflug_raps_750-600x600.jpg 600w, https:\/\/guthardegg.at\/wp-content\/uploads\/bienenflug_raps_750-360x360.jpg 360w, https:\/\/guthardegg.at\/wp-content\/uploads\/bienenflug_raps_750-100x100.jpg 100w, https:\/\/guthardegg.at\/wp-content\/uploads\/bienenflug_raps_750-64x64.jpg 64w\" sizes=\"(max-width: 750px) 100vw, 750px\" \/><\/a><\/figure><\/li><li class=\"blocks-gallery-item\"><figure><a href=\"https:\/\/guthardegg.at\/wp-content\/uploads\/maximilian_hardegg_qualitaetspruefung.jpg\"><img decoding=\"async\" width=\"899\" height=\"572\" src=\"https:\/\/guthardegg.at\/wp-content\/uploads\/maximilian_hardegg_qualitaetspruefung.jpg\" alt=\"\" data-id=\"2702\" data-full-url=\"https:\/\/guthardegg.at\/wp-content\/uploads\/maximilian_hardegg_qualitaetspruefung.jpg\" data-link=\"https:\/\/guthardegg.at\/maximilian_hardegg_qualitaetspruefung\/\" class=\"wp-image-2702\" srcset=\"https:\/\/guthardegg.at\/wp-content\/uploads\/maximilian_hardegg_qualitaetspruefung.jpg 899w, https:\/\/guthardegg.at\/wp-content\/uploads\/maximilian_hardegg_qualitaetspruefung-600x382.jpg 600w, https:\/\/guthardegg.at\/wp-content\/uploads\/maximilian_hardegg_qualitaetspruefung-768x489.jpg 768w, https:\/\/guthardegg.at\/wp-content\/uploads\/maximilian_hardegg_qualitaetspruefung-64x41.jpg 64w\" sizes=\"(max-width: 899px) 100vw, 899px\" \/><\/a><\/figure><\/li><li class=\"blocks-gallery-item\"><figure><a href=\"https:\/\/guthardegg.at\/wp-content\/uploads\/im_biotop_1440x750.jpg\"><img loading=\"lazy\" decoding=\"async\" width=\"1440\" height=\"750\" src=\"https:\/\/guthardegg.at\/wp-content\/uploads\/im_biotop_1440x750.jpg\" alt=\"\" data-id=\"2561\" data-full-url=\"https:\/\/guthardegg.at\/wp-content\/uploads\/im_biotop_1440x750.jpg\" data-link=\"https:\/\/guthardegg.at\/im_biotop_1440x750\/\" class=\"wp-image-2561\" srcset=\"https:\/\/guthardegg.at\/wp-content\/uploads\/im_biotop_1440x750.jpg 1440w, https:\/\/guthardegg.at\/wp-content\/uploads\/im_biotop_1440x750-600x313.jpg 600w, https:\/\/guthardegg.at\/wp-content\/uploads\/im_biotop_1440x750-768x400.jpg 768w, https:\/\/guthardegg.at\/wp-content\/uploads\/im_biotop_1440x750-64x33.jpg 64w\" sizes=\"(max-width: 1440px) 100vw, 1440px\" \/><\/a><\/figure><\/li><li class=\"blocks-gallery-item\"><figure><a href=\"https:\/\/guthardegg.at\/wp-content\/uploads\/igel_wasser_1440x750.jpg\"><img loading=\"lazy\" decoding=\"async\" width=\"1440\" height=\"750\" src=\"https:\/\/guthardegg.at\/wp-content\/uploads\/igel_wasser_1440x750.jpg\" alt=\"\" data-id=\"2572\" data-full-url=\"https:\/\/guthardegg.at\/wp-content\/uploads\/igel_wasser_1440x750.jpg\" data-link=\"https:\/\/guthardegg.at\/igel_wasser_1440x750\/\" class=\"wp-image-2572\" srcset=\"https:\/\/guthardegg.at\/wp-content\/uploads\/igel_wasser_1440x750.jpg 1440w, https:\/\/guthardegg.at\/wp-content\/uploads\/igel_wasser_1440x750-600x313.jpg 600w, https:\/\/guthardegg.at\/wp-content\/uploads\/igel_wasser_1440x750-768x400.jpg 768w, https:\/\/guthardegg.at\/wp-content\/uploads\/igel_wasser_1440x750-64x33.jpg 64w\" sizes=\"(max-width: 1440px) 100vw, 1440px\" \/><\/a><\/figure><\/li><li class=\"blocks-gallery-item\"><figure><a href=\"https:\/\/guthardegg.at\/wp-content\/uploads\/turteltaube_750.jpg\"><img loading=\"lazy\" decoding=\"async\" width=\"750\" height=\"750\" src=\"https:\/\/guthardegg.at\/wp-content\/uploads\/turteltaube_750.jpg\" alt=\"\" data-id=\"2823\" data-full-url=\"https:\/\/guthardegg.at\/wp-content\/uploads\/turteltaube_750.jpg\" data-link=\"https:\/\/guthardegg.at\/turteltaube_750\/\" class=\"wp-image-2823\" srcset=\"https:\/\/guthardegg.at\/wp-content\/uploads\/turteltaube_750.jpg 750w, https:\/\/guthardegg.at\/wp-content\/uploads\/turteltaube_750-600x600.jpg 600w, https:\/\/guthardegg.at\/wp-content\/uploads\/turteltaube_750-360x360.jpg 360w, https:\/\/guthardegg.at\/wp-content\/uploads\/turteltaube_750-100x100.jpg 100w, https:\/\/guthardegg.at\/wp-content\/uploads\/turteltaube_750-64x64.jpg 64w\" sizes=\"(max-width: 750px) 100vw, 750px\" \/><\/a><\/figure><\/li><li class=\"blocks-gallery-item\"><figure><a href=\"https:\/\/guthardegg.at\/wp-content\/uploads\/moenchsgrasmuecke_750.jpg\"><img loading=\"lazy\" decoding=\"async\" width=\"750\" height=\"750\" src=\"https:\/\/guthardegg.at\/wp-content\/uploads\/moenchsgrasmuecke_750.jpg\" alt=\"\" data-id=\"2831\" data-full-url=\"https:\/\/guthardegg.at\/wp-content\/uploads\/moenchsgrasmuecke_750.jpg\" data-link=\"https:\/\/guthardegg.at\/moenchsgrasmuecke_750\/\" class=\"wp-image-2831\" srcset=\"https:\/\/guthardegg.at\/wp-content\/uploads\/moenchsgrasmuecke_750.jpg 750w, https:\/\/guthardegg.at\/wp-content\/uploads\/moenchsgrasmuecke_750-600x600.jpg 600w, https:\/\/guthardegg.at\/wp-content\/uploads\/moenchsgrasmuecke_750-360x360.jpg 360w, https:\/\/guthardegg.at\/wp-content\/uploads\/moenchsgrasmuecke_750-100x100.jpg 100w, https:\/\/guthardegg.at\/wp-content\/uploads\/moenchsgrasmuecke_750-64x64.jpg 64w\" sizes=\"(max-width: 750px) 100vw, 750px\" \/><\/a><\/figure><\/li><\/ul><\/figure>","protected":false},"excerpt":{"rendered":"<p>Maximilian Hardegg, Landwirt und Agrarwissenschafter folgt der Einladung von Radio N\u00d6 im Rahmen der Schwerpunktserie \u201eMutter Natur\u201c, ein ausf\u00fchrliches Interview zu geben. \u201eIch bin der Einladung von Radio N\u00d6 nat\u00fcrlich gerne gefolgt. Denn die M\u00f6glichkeit, unser Denken und die vielen bereits verwirklichten Projekte \u00f6ffentlich teilen zu k\u00f6nnen, ist mir ein gro\u00dfes Anliegen. Und die Themen [&#8230;]<\/p>","protected":false},"author":3,"featured_media":5775,"comment_status":"closed","ping_status":"closed","sticky":false,"template":"","format":"standard","meta":{"_acf_changed":false,"footnotes":""},"categories":[1],"tags":[132,97,85,133,129,131,130,134],"class_list":["post-5766","post","type-post","status-publish","format-standard","has-post-thumbnail","hentry","category-uncategorized","tag-artenvielfalt","tag-biodiversitaet","tag-gut-hardegg","tag-interview","tag-maximimilan-hardegg","tag-orf","tag-radio-niederoesterreich","tag-zukunft"],"acf":[],"yoast_head":"<!-- This site is optimized with the Yoast SEO plugin v24.8.1 - https:\/\/yoast.com\/wordpress\/plugins\/seo\/ -->\n<title>Mutter Natur. Maximilian Hardegg im Interview auf Radio NOE. - Gut Hardegg<\/title>\n<meta name=\"description\" content=\"Maximilian Hardegg, Landwirt und Agrarwissenschafter folgt der Einladung von Radio N\u00d6 im Rahmen der Schwerpunktserie \u201eMutter Natur\u201c, ein ausf\u00fchrliches Interview zu geben. \u201eIch bin der Einladung von Radio N\u00d6 nat\u00fcrlich gerne gefolgt. Denn die M\u00f6glichkeit, unser Denken und die vielen bereits verwirklichten Projekte \u00f6ffentlich teilen zu k\u00f6nnen, ist mir ein gro\u00dfes Anliegen. Und die Themen Biodiversit\u00e4t, Artenschutz und Landwirtschaft kommen endlich auch in der Politik und den Medien an. Das Um und Auf bleibt derzeit aber immer noch die Eigeninitiative der Landwirte,\u201c so Maximilian Hardegg.\" \/>\n<meta name=\"robots\" content=\"index, follow, max-snippet:-1, max-image-preview:large, max-video-preview:-1\" \/>\n<link rel=\"canonical\" href=\"https:\/\/guthardegg.at\/en\/mutter-natur-maximilian-hardegg-im-interview-auf-radio-noe\/\" \/>\n<meta property=\"og:locale\" content=\"en_US\" \/>\n<meta property=\"og:type\" content=\"article\" \/>\n<meta property=\"og:title\" content=\"Mutter Natur. Maximilian Hardegg im Interview auf Radio N\u00d6.\" \/>\n<meta property=\"og:description\" content=\"Maximilian Hardegg, Landwirt und Agrarwissenschafter folgt der Einladung von Radio N\u00d6 im Rahmen der Schwerpunktserie \u201eMutter Natur\u201c, ein ausf\u00fchrliches Interview zu geben. \u201eIch bin der Einladung von Radio N\u00d6 nat\u00fcrlich gerne gefolgt. Denn die M\u00f6glichkeit, unser Denken und die vielen bereits verwirklichten Projekte \u00f6ffentlich teilen zu k\u00f6nnen, ist mir ein gro\u00dfes Anliegen. Und die Themen Biodiversit\u00e4t, Artenschutz und Landwirtschaft kommen endlich auch in der Politik und den Medien an. Das Um und Auf bleibt derzeit aber immer noch die Eigeninitiative der Landwirte,\u201c so Maximilian Hardegg.\" \/>\n<meta property=\"og:url\" content=\"https:\/\/guthardegg.at\/en\/mutter-natur-maximilian-hardegg-im-interview-auf-radio-noe\/\" \/>\n<meta property=\"og:site_name\" content=\"Gut Hardegg\" \/>\n<meta property=\"article:published_time\" content=\"2022-11-24T09:21:00+00:00\" \/>\n<meta property=\"article:modified_time\" content=\"2022-11-25T10:05:52+00:00\" \/>\n<meta property=\"og:image\" content=\"https:\/\/guthardegg.at\/wp-content\/uploads\/ORF-NOE-TITEL-NL.jpg\" \/>\n\t<meta property=\"og:image:width\" content=\"1200\" \/>\n\t<meta property=\"og:image:height\" content=\"511\" \/>\n\t<meta property=\"og:image:type\" content=\"image\/jpeg\" \/>\n<meta name=\"author\" content=\"Alexander Stock\" \/>\n<meta name=\"twitter:card\" content=\"summary_large_image\" \/>\n<meta name=\"twitter:label1\" content=\"Written by\" \/>\n\t<meta name=\"twitter:data1\" content=\"Alexander Stock\" \/>\n\t<meta name=\"twitter:label2\" content=\"Est. reading time\" \/>\n\t<meta name=\"twitter:data2\" content=\"2 minutes\" \/>\n<script type=\"application\/ld+json\" class=\"yoast-schema-graph\">{\"@context\":\"https:\/\/schema.org\",\"@graph\":[{\"@type\":\"Article\",\"@id\":\"https:\/\/guthardegg.at\/mutter-natur-maximilian-hardegg-im-interview-auf-radio-noe\/#article\",\"isPartOf\":{\"@id\":\"https:\/\/guthardegg.at\/mutter-natur-maximilian-hardegg-im-interview-auf-radio-noe\/\"},\"author\":{\"name\":\"Alexander Stock\",\"@id\":\"https:\/\/guthardegg.at\/#\/schema\/person\/38fb9827e09b3639a5b487b1b78ff028\"},\"headline\":\"Mutter Natur. Maximilian Hardegg im Interview auf Radio NOE.\",\"datePublished\":\"2022-11-24T09:21:00+00:00\",\"dateModified\":\"2022-11-25T10:05:52+00:00\",\"mainEntityOfPage\":{\"@id\":\"https:\/\/guthardegg.at\/mutter-natur-maximilian-hardegg-im-interview-auf-radio-noe\/\"},\"wordCount\":109,\"publisher\":{\"@id\":\"https:\/\/guthardegg.at\/#organization\"},\"image\":{\"@id\":\"https:\/\/guthardegg.at\/mutter-natur-maximilian-hardegg-im-interview-auf-radio-noe\/#primaryimage\"},\"thumbnailUrl\":\"https:\/\/guthardegg.at\/wp-content\/uploads\/ORF-NOE-TITEL-NL.jpg\",\"keywords\":[\"Artenvielfalt\",\"Biodiversit\u00e4t\",\"Gut Hardegg\",\"Interview\",\"Maximimilan Hardegg\",\"ORF\",\"Radio Nieder\u00f6sterreich\",\"Zukunft\"],\"inLanguage\":\"en-US\"},{\"@type\":\"WebPage\",\"@id\":\"https:\/\/guthardegg.at\/mutter-natur-maximilian-hardegg-im-interview-auf-radio-noe\/\",\"url\":\"https:\/\/guthardegg.at\/mutter-natur-maximilian-hardegg-im-interview-auf-radio-noe\/\",\"name\":\"Mutter Natur. Maximilian Hardegg im Interview auf Radio NOE. - Gut Hardegg\",\"isPartOf\":{\"@id\":\"https:\/\/guthardegg.at\/#website\"},\"primaryImageOfPage\":{\"@id\":\"https:\/\/guthardegg.at\/mutter-natur-maximilian-hardegg-im-interview-auf-radio-noe\/#primaryimage\"},\"image\":{\"@id\":\"https:\/\/guthardegg.at\/mutter-natur-maximilian-hardegg-im-interview-auf-radio-noe\/#primaryimage\"},\"thumbnailUrl\":\"https:\/\/guthardegg.at\/wp-content\/uploads\/ORF-NOE-TITEL-NL.jpg\",\"datePublished\":\"2022-11-24T09:21:00+00:00\",\"dateModified\":\"2022-11-25T10:05:52+00:00\",\"description\":\"Maximilian Hardegg, Landwirt und Agrarwissenschafter folgt der Einladung von Radio N\u00d6 im Rahmen der Schwerpunktserie \u201eMutter Natur\u201c, ein ausf\u00fchrliches Interview zu geben. \u201eIch bin der Einladung von Radio N\u00d6 nat\u00fcrlich gerne gefolgt. Denn die M\u00f6glichkeit, unser Denken und die vielen bereits verwirklichten Projekte \u00f6ffentlich teilen zu k\u00f6nnen, ist mir ein gro\u00dfes Anliegen. Und die Themen Biodiversit\u00e4t, Artenschutz und Landwirtschaft kommen endlich auch in der Politik und den Medien an. Das Um und Auf bleibt derzeit aber immer noch die Eigeninitiative der Landwirte,\u201c so Maximilian Hardegg.\",\"breadcrumb\":{\"@id\":\"https:\/\/guthardegg.at\/mutter-natur-maximilian-hardegg-im-interview-auf-radio-noe\/#breadcrumb\"},\"inLanguage\":\"en-US\",\"potentialAction\":[{\"@type\":\"ReadAction\",\"target\":[\"https:\/\/guthardegg.at\/mutter-natur-maximilian-hardegg-im-interview-auf-radio-noe\/\"]}]},{\"@type\":\"ImageObject\",\"inLanguage\":\"en-US\",\"@id\":\"https:\/\/guthardegg.at\/mutter-natur-maximilian-hardegg-im-interview-auf-radio-noe\/#primaryimage\",\"url\":\"https:\/\/guthardegg.at\/wp-content\/uploads\/ORF-NOE-TITEL-NL.jpg\",\"contentUrl\":\"https:\/\/guthardegg.at\/wp-content\/uploads\/ORF-NOE-TITEL-NL.jpg\",\"width\":1200,\"height\":511},{\"@type\":\"BreadcrumbList\",\"@id\":\"https:\/\/guthardegg.at\/mutter-natur-maximilian-hardegg-im-interview-auf-radio-noe\/#breadcrumb\",\"itemListElement\":[{\"@type\":\"ListItem\",\"position\":1,\"name\":\"gut hardegg\",\"item\":\"https:\/\/guthardegg.at\/\"},{\"@type\":\"ListItem\",\"position\":2,\"name\":\"Mutter Natur. Maximilian Hardegg im Interview auf Radio NOE.\"}]},{\"@type\":\"WebSite\",\"@id\":\"https:\/\/guthardegg.at\/#website\",\"url\":\"https:\/\/guthardegg.at\/\",\"name\":\"Gut Hardegg\",\"description\":\"Gelebte Artenvielfalt\",\"publisher\":{\"@id\":\"https:\/\/guthardegg.at\/#organization\"},\"potentialAction\":[{\"@type\":\"SearchAction\",\"target\":{\"@type\":\"EntryPoint\",\"urlTemplate\":\"https:\/\/guthardegg.at\/?s={search_term_string}\"},\"query-input\":{\"@type\":\"PropertyValueSpecification\",\"valueRequired\":true,\"valueName\":\"search_term_string\"}}],\"inLanguage\":\"en-US\"},{\"@type\":\"Organization\",\"@id\":\"https:\/\/guthardegg.at\/#organization\",\"name\":\"Gut Hardegg\",\"url\":\"https:\/\/guthardegg.at\/\",\"logo\":{\"@type\":\"ImageObject\",\"inLanguage\":\"en-US\",\"@id\":\"https:\/\/guthardegg.at\/#\/schema\/logo\/image\/\",\"url\":\"https:\/\/guthardegg.at\/wp-content\/uploads\/2020\/05\/Gut-Hardegg-logo.png\",\"contentUrl\":\"https:\/\/guthardegg.at\/wp-content\/uploads\/2020\/05\/Gut-Hardegg-logo.png\",\"width\":945,\"height\":560,\"caption\":\"Gut Hardegg\"},\"image\":{\"@id\":\"https:\/\/guthardegg.at\/#\/schema\/logo\/image\/\"}},{\"@type\":\"Person\",\"@id\":\"https:\/\/guthardegg.at\/#\/schema\/person\/38fb9827e09b3639a5b487b1b78ff028\",\"name\":\"Alexander Stock\",\"image\":{\"@type\":\"ImageObject\",\"inLanguage\":\"en-US\",\"@id\":\"https:\/\/guthardegg.at\/#\/schema\/person\/image\/\",\"url\":\"https:\/\/secure.gravatar.com\/avatar\/8bc572f5d375e99ff3dea7d3c4afdf94?s=96&d=mm&r=g\",\"contentUrl\":\"https:\/\/secure.gravatar.com\/avatar\/8bc572f5d375e99ff3dea7d3c4afdf94?s=96&d=mm&r=g\",\"caption\":\"Alexander Stock\"},\"url\":\"https:\/\/guthardegg.at\/en\/author\/alex\/\"}]}<\/script>\n<!-- \/ Yoast SEO plugin. -->","yoast_head_json":{"title":"Mutter Natur. Maximilian Hardegg im Interview auf Radio NOE. - Gut Hardegg","description":"Maximilian Hardegg, Landwirt und Agrarwissenschafter folgt der Einladung von Radio N\u00d6 im Rahmen der Schwerpunktserie \u201eMutter Natur\u201c, ein ausf\u00fchrliches Interview zu geben. \u201eIch bin der Einladung von Radio N\u00d6 nat\u00fcrlich gerne gefolgt. Denn die M\u00f6glichkeit, unser Denken und die vielen bereits verwirklichten Projekte \u00f6ffentlich teilen zu k\u00f6nnen, ist mir ein gro\u00dfes Anliegen. Und die Themen Biodiversit\u00e4t, Artenschutz und Landwirtschaft kommen endlich auch in der Politik und den Medien an. Das Um und Auf bleibt derzeit aber immer noch die Eigeninitiative der Landwirte,\u201c so Maximilian Hardegg.","robots":{"index":"index","follow":"follow","max-snippet":"max-snippet:-1","max-image-preview":"max-image-preview:large","max-video-preview":"max-video-preview:-1"},"canonical":"https:\/\/guthardegg.at\/en\/mutter-natur-maximilian-hardegg-im-interview-auf-radio-noe\/","og_locale":"en_US","og_type":"article","og_title":"Mutter Natur. Maximilian Hardegg im Interview auf Radio N\u00d6.","og_description":"Maximilian Hardegg, Landwirt und Agrarwissenschafter folgt der Einladung von Radio N\u00d6 im Rahmen der Schwerpunktserie \u201eMutter Natur\u201c, ein ausf\u00fchrliches Interview zu geben. \u201eIch bin der Einladung von Radio N\u00d6 nat\u00fcrlich gerne gefolgt. Denn die M\u00f6glichkeit, unser Denken und die vielen bereits verwirklichten Projekte \u00f6ffentlich teilen zu k\u00f6nnen, ist mir ein gro\u00dfes Anliegen. Und die Themen Biodiversit\u00e4t, Artenschutz und Landwirtschaft kommen endlich auch in der Politik und den Medien an. Das Um und Auf bleibt derzeit aber immer noch die Eigeninitiative der Landwirte,\u201c so Maximilian Hardegg.","og_url":"https:\/\/guthardegg.at\/en\/mutter-natur-maximilian-hardegg-im-interview-auf-radio-noe\/","og_site_name":"Gut Hardegg","article_published_time":"2022-11-24T09:21:00+00:00","article_modified_time":"2022-11-25T10:05:52+00:00","og_image":[{"width":1200,"height":511,"url":"https:\/\/guthardegg.at\/wp-content\/uploads\/ORF-NOE-TITEL-NL.jpg","type":"image\/jpeg"}],"author":"Alexander Stock","twitter_card":"summary_large_image","twitter_misc":{"Written by":"Alexander Stock","Est. reading time":"2 minutes"},"schema":{"@context":"https:\/\/schema.org","@graph":[{"@type":"Article","@id":"https:\/\/guthardegg.at\/mutter-natur-maximilian-hardegg-im-interview-auf-radio-noe\/#article","isPartOf":{"@id":"https:\/\/guthardegg.at\/mutter-natur-maximilian-hardegg-im-interview-auf-radio-noe\/"},"author":{"name":"Alexander Stock","@id":"https:\/\/guthardegg.at\/#\/schema\/person\/38fb9827e09b3639a5b487b1b78ff028"},"headline":"Mutter Natur. Maximilian Hardegg im Interview auf Radio NOE.","datePublished":"2022-11-24T09:21:00+00:00","dateModified":"2022-11-25T10:05:52+00:00","mainEntityOfPage":{"@id":"https:\/\/guthardegg.at\/mutter-natur-maximilian-hardegg-im-interview-auf-radio-noe\/"},"wordCount":109,"publisher":{"@id":"https:\/\/guthardegg.at\/#organization"},"image":{"@id":"https:\/\/guthardegg.at\/mutter-natur-maximilian-hardegg-im-interview-auf-radio-noe\/#primaryimage"},"thumbnailUrl":"https:\/\/guthardegg.at\/wp-content\/uploads\/ORF-NOE-TITEL-NL.jpg","keywords":["Artenvielfalt","Biodiversit\u00e4t","Gut Hardegg","Interview","Maximimilan Hardegg","ORF","Radio Nieder\u00f6sterreich","Zukunft"],"inLanguage":"en-US"},{"@type":"WebPage","@id":"https:\/\/guthardegg.at\/mutter-natur-maximilian-hardegg-im-interview-auf-radio-noe\/","url":"https:\/\/guthardegg.at\/mutter-natur-maximilian-hardegg-im-interview-auf-radio-noe\/","name":"Mutter Natur. Maximilian Hardegg im Interview auf Radio NOE. - Gut Hardegg","isPartOf":{"@id":"https:\/\/guthardegg.at\/#website"},"primaryImageOfPage":{"@id":"https:\/\/guthardegg.at\/mutter-natur-maximilian-hardegg-im-interview-auf-radio-noe\/#primaryimage"},"image":{"@id":"https:\/\/guthardegg.at\/mutter-natur-maximilian-hardegg-im-interview-auf-radio-noe\/#primaryimage"},"thumbnailUrl":"https:\/\/guthardegg.at\/wp-content\/uploads\/ORF-NOE-TITEL-NL.jpg","datePublished":"2022-11-24T09:21:00+00:00","dateModified":"2022-11-25T10:05:52+00:00","description":"Maximilian Hardegg, Landwirt und Agrarwissenschafter folgt der Einladung von Radio N\u00d6 im Rahmen der Schwerpunktserie \u201eMutter Natur\u201c, ein ausf\u00fchrliches Interview zu geben. \u201eIch bin der Einladung von Radio N\u00d6 nat\u00fcrlich gerne gefolgt. Denn die M\u00f6glichkeit, unser Denken und die vielen bereits verwirklichten Projekte \u00f6ffentlich teilen zu k\u00f6nnen, ist mir ein gro\u00dfes Anliegen. Und die Themen Biodiversit\u00e4t, Artenschutz und Landwirtschaft kommen endlich auch in der Politik und den Medien an. Das Um und Auf bleibt derzeit aber immer noch die Eigeninitiative der Landwirte,\u201c so Maximilian Hardegg.","breadcrumb":{"@id":"https:\/\/guthardegg.at\/mutter-natur-maximilian-hardegg-im-interview-auf-radio-noe\/#breadcrumb"},"inLanguage":"en-US","potentialAction":[{"@type":"ReadAction","target":["https:\/\/guthardegg.at\/mutter-natur-maximilian-hardegg-im-interview-auf-radio-noe\/"]}]},{"@type":"ImageObject","inLanguage":"en-US","@id":"https:\/\/guthardegg.at\/mutter-natur-maximilian-hardegg-im-interview-auf-radio-noe\/#primaryimage","url":"https:\/\/guthardegg.at\/wp-content\/uploads\/ORF-NOE-TITEL-NL.jpg","contentUrl":"https:\/\/guthardegg.at\/wp-content\/uploads\/ORF-NOE-TITEL-NL.jpg","width":1200,"height":511},{"@type":"BreadcrumbList","@id":"https:\/\/guthardegg.at\/mutter-natur-maximilian-hardegg-im-interview-auf-radio-noe\/#breadcrumb","itemListElement":[{"@type":"ListItem","position":1,"name":"gut hardegg","item":"https:\/\/guthardegg.at\/"},{"@type":"ListItem","position":2,"name":"Mutter Natur. Maximilian Hardegg im Interview auf Radio NOE."}]},{"@type":"WebSite","@id":"https:\/\/guthardegg.at\/#website","url":"https:\/\/guthardegg.at\/","name":"Gut Hardegg","description":"Gelebte Artenvielfalt","publisher":{"@id":"https:\/\/guthardegg.at\/#organization"},"potentialAction":[{"@type":"SearchAction","target":{"@type":"EntryPoint","urlTemplate":"https:\/\/guthardegg.at\/?s={search_term_string}"},"query-input":{"@type":"PropertyValueSpecification","valueRequired":true,"valueName":"search_term_string"}}],"inLanguage":"en-US"},{"@type":"Organization","@id":"https:\/\/guthardegg.at\/#organization","name":"Gut Hardegg","url":"https:\/\/guthardegg.at\/","logo":{"@type":"ImageObject","inLanguage":"en-US","@id":"https:\/\/guthardegg.at\/#\/schema\/logo\/image\/","url":"https:\/\/guthardegg.at\/wp-content\/uploads\/2020\/05\/Gut-Hardegg-logo.png","contentUrl":"https:\/\/guthardegg.at\/wp-content\/uploads\/2020\/05\/Gut-Hardegg-logo.png","width":945,"height":560,"caption":"Gut Hardegg"},"image":{"@id":"https:\/\/guthardegg.at\/#\/schema\/logo\/image\/"}},{"@type":"Person","@id":"https:\/\/guthardegg.at\/#\/schema\/person\/38fb9827e09b3639a5b487b1b78ff028","name":"Alexander Stock","image":{"@type":"ImageObject","inLanguage":"en-US","@id":"https:\/\/guthardegg.at\/#\/schema\/person\/image\/","url":"https:\/\/secure.gravatar.com\/avatar\/8bc572f5d375e99ff3dea7d3c4afdf94?s=96&d=mm&r=g","contentUrl":"https:\/\/secure.gravatar.com\/avatar\/8bc572f5d375e99ff3dea7d3c4afdf94?s=96&d=mm&r=g","caption":"Alexander Stock"},"url":"https:\/\/guthardegg.at\/en\/author\/alex\/"}]}},"_links":{"self":[{"href":"https:\/\/guthardegg.at\/en\/wp-json\/wp\/v2\/posts\/5766","targetHints":{"allow":["GET"]}}],"collection":[{"href":"https:\/\/guthardegg.at\/en\/wp-json\/wp\/v2\/posts"}],"about":[{"href":"https:\/\/guthardegg.at\/en\/wp-json\/wp\/v2\/types\/post"}],"author":[{"embeddable":true,"href":"https:\/\/guthardegg.at\/en\/wp-json\/wp\/v2\/users\/3"}],"replies":[{"embeddable":true,"href":"https:\/\/guthardegg.at\/en\/wp-json\/wp\/v2\/comments?post=5766"}],"version-history":[{"count":18,"href":"https:\/\/guthardegg.at\/en\/wp-json\/wp\/v2\/posts\/5766\/revisions"}],"predecessor-version":[{"id":5796,"href":"https:\/\/guthardegg.at\/en\/wp-json\/wp\/v2\/posts\/5766\/revisions\/5796"}],"wp:featuredmedia":[{"embeddable":true,"href":"https:\/\/guthardegg.at\/en\/wp-json\/wp\/v2\/media\/5775"}],"wp:attachment":[{"href":"https:\/\/guthardegg.at\/en\/wp-json\/wp\/v2\/media?parent=5766"}],"wp:term":[{"taxonomy":"category","embeddable":true,"href":"https:\/\/guthardegg.at\/en\/wp-json\/wp\/v2\/categories?post=5766"},{"taxonomy":"post_tag","embeddable":true,"href":"https:\/\/guthardegg.at\/en\/wp-json\/wp\/v2\/tags?post=5766"}],"curies":[{"name":"wp","href":"https:\/\/api.w.org\/{rel}","templated":true}]}}